{"id":3713,"date":"2025-07-17T09:00:00","date_gmt":"2025-07-17T07:00:00","guid":{"rendered":"https:\/\/meetch.io\/?p=3713"},"modified":"2025-07-16T15:27:22","modified_gmt":"2025-07-16T13:27:22","slug":"caution-etats-des-lieux-ces-pratiques-qui-fatiguent-les-pros-de-la-location-saisonniere","status":"publish","type":"post","link":"https:\/\/meetch.io\/en\/caution-etats-des-lieux-ces-pratiques-qui-fatiguent-les-pros-de-la-location-saisonniere\/","title":{"rendered":"Caution, \u00e9tats des lieux&#8230; Ces pratiques qui fatiguent les pros de la location saisonni\u00e8re"},"content":{"rendered":"<div data-elementor-type=\"wp-post\" data-elementor-id=\"3713\" class=\"elementor elementor-3713\">\n\t\t\t\t\t\t<section class=\"elementor-section elementor-top-section elementor-element elementor-element-2f5a5b8 elementor-section-boxed elementor-section-height-default elementor-section-height-default\" data-id=\"2f5a5b8\" data-element_type=\"section\">\n\t\t\t\t\t\t<div class=\"elementor-container elementor-column-gap-default\">\n\t\t\t\t\t<div class=\"elementor-column elementor-col-50 elementor-top-column elementor-element elementor-element-95dd73a\" data-id=\"95dd73a\" data-element_type=\"column\">\n\t\t\t<div class=\"elementor-widget-wrap elementor-element-populated\">\n\t\t\t\t\t\t<div class=\"elementor-element elementor-element-bd9c87b elementor-widget__width-initial elementor-view-default elementor-widget elementor-widget-icon\" data-id=\"bd9c87b\" data-element_type=\"widget\" data-widget_type=\"icon.default\">\n\t\t\t\t<div class=\"elementor-widget-container\">\n\t\t\t\t\t\t\t<div class=\"elementor-icon-wrapper\">\n\t\t\t<div class=\"elementor-icon\">\n\t\t\t<i aria-hidden=\"true\" class=\"fas fa-hourglass-half\"><\/i>\t\t\t<\/div>\n\t\t<\/div>\n\t\t\t\t\t\t<\/div>\n\t\t\t\t<\/div>\n\t\t\t\t\t<\/div>\n\t\t<\/div>\n\t\t\t\t<div class=\"elementor-column elementor-col-50 elementor-top-column elementor-element elementor-element-76f7463\" data-id=\"76f7463\" data-element_type=\"column\">\n\t\t\t<div class=\"elementor-widget-wrap elementor-element-populated\">\n\t\t\t\t\t\t<div class=\"elementor-element elementor-element-22e2ea4 elementor-widget__width-initial elementor-widget elementor-widget-text-editor\" data-id=\"22e2ea4\" data-element_type=\"widget\" data-widget_type=\"text-editor.default\">\n\t\t\t\t<div class=\"elementor-widget-container\">\n\t\t\t\t\t\t\t\t\t<p><span style=\"color: #010240;font-family: 'DM Sans', sans-serif;font-size: 18px;font-style: italic;font-weight: 400;letter-spacing: -0.38px\">Temps de lecture : 3 minutes\u00a0<\/span><\/p>\t\t\t\t\t\t\t\t<\/div>\n\t\t\t\t<\/div>\n\t\t\t\t\t<\/div>\n\t\t<\/div>\n\t\t\t\t\t<\/div>\n\t\t<\/section>\n\t\t\t\t<section class=\"elementor-section elementor-top-section elementor-element elementor-element-646ca6e elementor-section-boxed elementor-section-height-default elementor-section-height-default\" data-id=\"646ca6e\" data-element_type=\"section\">\n\t\t\t\t\t\t<div class=\"elementor-container elementor-column-gap-default\">\n\t\t\t\t\t<div class=\"elementor-column elementor-col-100 elementor-top-column elementor-element elementor-element-ce24096\" data-id=\"ce24096\" data-element_type=\"column\">\n\t\t\t<div class=\"elementor-widget-wrap elementor-element-populated\">\n\t\t\t\t\t\t<div class=\"elementor-element elementor-element-df6c41c elementor-widget__width-initial elementor-widget elementor-widget-text-editor\" data-id=\"df6c41c\" data-element_type=\"widget\" data-widget_type=\"text-editor.default\">\n\t\t\t\t<div class=\"elementor-widget-container\">\n\t\t\t\t\t\t\t\t\t<p><em><strong><span class=\"notion-enable-hover\" data-token-index=\"0\">G\u00eetes, campings, conciergeries, logements insolites : les professionnels de la location saisonni\u00e8re doivent composer avec une r\u00e9alit\u00e9 de terrain de plus en plus complexe.<\/span> Parmi les points de friction les plus r\u00e9currents : la gestion des d\u00e9g\u00e2ts locatifs. Entre d\u00e9p\u00f4ts de garantie, constats manuels, et litiges potentiels, la question m\u00e9rite d&rsquo;\u00eatre pos\u00e9e : les outils traditionnels sont-ils encore adapt\u00e9s aux usages actuels ?<\/strong><\/em><!-- notionvc: e8d7ab3b-45c4-4dcb-8029-2b6de9a75afc --><\/p>\t\t\t\t\t\t\t\t<\/div>\n\t\t\t\t<\/div>\n\t\t\t\t\t<\/div>\n\t\t<\/div>\n\t\t\t\t\t<\/div>\n\t\t<\/section>\n\t\t\t\t<section class=\"elementor-section elementor-top-section elementor-element elementor-element-0d24ef6 elementor-section-boxed elementor-section-height-default elementor-section-height-default\" data-id=\"0d24ef6\" data-element_type=\"section\">\n\t\t\t\t\t\t<div class=\"elementor-container elementor-column-gap-default\">\n\t\t\t\t\t<div class=\"elementor-column elementor-col-100 elementor-top-column elementor-element elementor-element-b1bd0cc\" data-id=\"b1bd0cc\" data-element_type=\"column\">\n\t\t\t<div class=\"elementor-widget-wrap elementor-element-populated\">\n\t\t\t\t\t\t<div class=\"elementor-element elementor-element-874d599 elementor-widget__width-initial elementor-widget elementor-widget-heading\" data-id=\"874d599\" data-element_type=\"widget\" data-widget_type=\"heading.default\">\n\t\t\t\t<div class=\"elementor-widget-container\">\n\t\t\t\t\t<h4 class=\"elementor-heading-title elementor-size-default\">Des outils historiquement utiles, mais aujourd\u2019hui perfectibles<\/h4>\t\t\t\t<\/div>\n\t\t\t\t<\/div>\n\t\t\t\t<div class=\"elementor-element elementor-element-d5b04cb elementor-widget-divider--view-line elementor-widget elementor-widget-divider\" data-id=\"d5b04cb\" data-element_type=\"widget\" data-widget_type=\"divider.default\">\n\t\t\t\t<div class=\"elementor-widget-container\">\n\t\t\t\t\t\t\t<div class=\"elementor-divider\">\n\t\t\t<span class=\"elementor-divider-separator\">\n\t\t\t\t\t\t<\/span>\n\t\t<\/div>\n\t\t\t\t\t\t<\/div>\n\t\t\t\t<\/div>\n\t\t\t\t<div class=\"elementor-element elementor-element-69b5b5d elementor-widget__width-initial elementor-widget elementor-widget-text-editor\" data-id=\"69b5b5d\" data-element_type=\"widget\" data-widget_type=\"text-editor.default\">\n\t\t\t\t<div class=\"elementor-widget-container\">\n\t\t\t\t\t\t\t\t\t<p>Longtemps, la caution a fait office de filet de s\u00e9curit\u00e9 pour les h\u00e9bergeurs. Mais dans un contexte de multiplication des r\u00e9servations, de diversit\u00e9 des client\u00e8les, et de d\u00e9mat\u00e9rialisation croissante, ce dispositif montre ses limites.<\/p><p><span style=\"font-size: 18px;letter-spacing: -0.38px\"><span style=\"font-size: 18px;letter-spacing: -0.38px;font-weight: 600\">Un \u00e9tat des lieux manqu\u00e9, une retenue de caution contest\u00e9e, et le risque d\u2019un avis n\u00e9gatif peut suffire \u00e0 mettre en p\u00e9ril l\u2019e-r\u00e9putation d\u2019un h\u00e9bergement. <\/span><\/span>Les litiges, m\u00eame rares, ont un co\u00fbt : temps perdu, relation client d\u00e9grad\u00e9e, voire r\u00e9servations annul\u00e9es. <span style=\"font-size: 18px;letter-spacing: -0.38px\"><span style=\"font-size: 18px;letter-spacing: -0.38px;font-weight: 600\">\u00a0<\/span><\/span><\/p><p>Par ailleurs, la caution ne permet pas toujours de couvrir l\u2019int\u00e9gralit\u00e9 des frais engag\u00e9s en cas de d\u00e9gradations importantes, de pertes de revenus ou de besoins en nettoyage sp\u00e9cifique. Dans les faits, ce sont souvent les h\u00f4tes qui assument le surco\u00fbt.<\/p><p><!-- notionvc: fdcd078b-40d2-4332-99e7-9548b10e2969 --><\/p>\t\t\t\t\t\t\t\t<\/div>\n\t\t\t\t<\/div>\n\t\t\t\t\t<\/div>\n\t\t<\/div>\n\t\t\t\t\t<\/div>\n\t\t<\/section>\n\t\t\t\t<section class=\"elementor-section elementor-top-section elementor-element elementor-element-586456d elementor-section-boxed elementor-section-height-default elementor-section-height-default\" data-id=\"586456d\" data-element_type=\"section\">\n\t\t\t\t\t\t<div class=\"elementor-container elementor-column-gap-default\">\n\t\t\t\t\t<div class=\"elementor-column elementor-col-33 elementor-top-column elementor-element elementor-element-4452651\" data-id=\"4452651\" data-element_type=\"column\">\n\t\t\t<div class=\"elementor-widget-wrap elementor-element-populated\">\n\t\t\t\t\t\t<div class=\"elementor-element elementor-element-f1c0b3d elementor-widget elementor-widget-image\" data-id=\"f1c0b3d\" data-element_type=\"widget\" data-widget_type=\"image.default\">\n\t\t\t\t<div class=\"elementor-widget-container\">\n\t\t\t\t\t\t\t\t\t\t\t\t\t\t\t<img fetchpriority=\"high\" decoding=\"async\" width=\"2560\" height=\"1435\" src=\"https:\/\/meetch.io\/wp-content\/uploads\/2025\/07\/AdobeStock_1384445744-scaled.jpeg\" class=\"attachment-full size-full wp-image-3721\" alt=\"\" srcset=\"https:\/\/meetch.io\/wp-content\/uploads\/2025\/07\/AdobeStock_1384445744-scaled.jpeg 2560w, https:\/\/meetch.io\/wp-content\/uploads\/2025\/07\/AdobeStock_1384445744-300x168.jpeg 300w, https:\/\/meetch.io\/wp-content\/uploads\/2025\/07\/AdobeStock_1384445744-1024x574.jpeg 1024w, https:\/\/meetch.io\/wp-content\/uploads\/2025\/07\/AdobeStock_1384445744-768x430.jpeg 768w, https:\/\/meetch.io\/wp-content\/uploads\/2025\/07\/AdobeStock_1384445744-1536x861.jpeg 1536w, https:\/\/meetch.io\/wp-content\/uploads\/2025\/07\/AdobeStock_1384445744-2048x1148.jpeg 2048w, https:\/\/meetch.io\/wp-content\/uploads\/2025\/07\/AdobeStock_1384445744-18x10.jpeg 18w, https:\/\/meetch.io\/wp-content\/uploads\/2025\/07\/AdobeStock_1384445744-370x207.jpeg 370w, https:\/\/meetch.io\/wp-content\/uploads\/2025\/07\/AdobeStock_1384445744-760x426.jpeg 760w, https:\/\/meetch.io\/wp-content\/uploads\/2025\/07\/AdobeStock_1384445744-270x152.jpeg 270w\" sizes=\"(max-width: 2560px) 100vw, 2560px\" \/>\t\t\t\t\t\t\t\t\t\t\t\t\t\t\t<\/div>\n\t\t\t\t<\/div>\n\t\t\t\t\t<\/div>\n\t\t<\/div>\n\t\t\t\t<div class=\"elementor-column elementor-col-66 elementor-top-column elementor-element elementor-element-9dc1185\" data-id=\"9dc1185\" data-element_type=\"column\">\n\t\t\t<div class=\"elementor-widget-wrap elementor-element-populated\">\n\t\t\t\t\t\t<div class=\"elementor-element elementor-element-98b18fe elementor-widget__width-initial elementor-widget elementor-widget-heading\" data-id=\"98b18fe\" data-element_type=\"widget\" data-widget_type=\"heading.default\">\n\t\t\t\t<div class=\"elementor-widget-container\">\n\t\t\t\t\t<h4 class=\"elementor-heading-title elementor-size-default\">Une nouvelle r\u00e9alit\u00e9 terrain : plus de volume, plus d\u2019attentes, plus de risques<\/h4>\t\t\t\t<\/div>\n\t\t\t\t<\/div>\n\t\t\t\t<div class=\"elementor-element elementor-element-8e5dab1 elementor-widget-divider--view-line elementor-widget elementor-widget-divider\" data-id=\"8e5dab1\" data-element_type=\"widget\" data-widget_type=\"divider.default\">\n\t\t\t\t<div class=\"elementor-widget-container\">\n\t\t\t\t\t\t\t<div class=\"elementor-divider\">\n\t\t\t<span class=\"elementor-divider-separator\">\n\t\t\t\t\t\t<\/span>\n\t\t<\/div>\n\t\t\t\t\t\t<\/div>\n\t\t\t\t<\/div>\n\t\t\t\t<div class=\"elementor-element elementor-element-1fbf9c1 elementor-widget__width-initial elementor-widget elementor-widget-text-editor\" data-id=\"1fbf9c1\" data-element_type=\"widget\" data-widget_type=\"text-editor.default\">\n\t\t\t\t<div class=\"elementor-widget-container\">\n\t\t\t\t\t\t\t\t\t<p>Depuis la fin des restrictions sanitaires, la location courte dur\u00e9e a connu un rebond marqu\u00e9. Mais avec cette croissance s\u2019accompagnent de nouveaux enjeux :<\/p><ul><li><span style=\"font-size: 18px;letter-spacing: -0.38px\"><span style=\"font-size: 18px;letter-spacing: -0.38px;font-weight: 600\">Un turnover acc\u00e9l\u00e9r\u00e9 :<\/span><\/span>\u00a0certains gestionnaires accueillent jusqu&rsquo;\u00e0 15 locataires diff\u00e9rents chaque semaine. <span style=\"font-size: 18px;letter-spacing: -0.38px\"><span style=\"font-size: 18px;letter-spacing: -0.38px;font-weight: 600\">\u00a0<\/span><\/span><\/li><li><span style=\"font-size: 18px;letter-spacing: -0.38px\"><span style=\"font-size: 18px;letter-spacing: -0.38px;font-weight: 600\">Une client\u00e8le internationale : <\/span><\/span>plus difficile \u00e0 sensibiliser aux usages fran\u00e7ais en mati\u00e8re de caution.<\/li><li><span style=\"font-size: 18px;letter-spacing: -0.38px\"><span style=\"font-size: 18px;letter-spacing: -0.38px;font-weight: 600\">\u00a0Des h\u00e9bergements plus vari\u00e9s :<\/span><\/span> cabanes perch\u00e9es, tiny houses, mobile homes, etc. avec des contraintes d&rsquo;entretien particuli\u00e8res.<\/li><li><span style=\"font-size: 18px;letter-spacing: -0.38px\"><span style=\"font-size: 18px;letter-spacing: -0.38px;font-weight: 600\">Une pression sur l\u2019image de marque : <\/span><\/span>chaque exp\u00e9rience doit \u00eatre fluide, transparente, sans friction.<\/li><\/ul><p><!-- notionvc: 53da81d2-87ac-4f9a-953e-afba355b4c40 --><\/p>\t\t\t\t\t\t\t\t<\/div>\n\t\t\t\t<\/div>\n\t\t\t\t\t<\/div>\n\t\t<\/div>\n\t\t\t\t\t<\/div>\n\t\t<\/section>\n\t\t\t\t<section class=\"elementor-section elementor-top-section elementor-element elementor-element-63c46c4 elementor-section-boxed elementor-section-height-default elementor-section-height-default\" data-id=\"63c46c4\" data-element_type=\"section\">\n\t\t\t\t\t\t<div class=\"elementor-container elementor-column-gap-default\">\n\t\t\t\t\t<div class=\"elementor-column elementor-col-100 elementor-top-column elementor-element elementor-element-6435a0a\" data-id=\"6435a0a\" data-element_type=\"column\">\n\t\t\t<div class=\"elementor-widget-wrap elementor-element-populated\">\n\t\t\t\t\t\t<div class=\"elementor-element elementor-element-c9e53f4 elementor-widget elementor-widget-text-editor\" data-id=\"c9e53f4\" data-element_type=\"widget\" data-widget_type=\"text-editor.default\">\n\t\t\t\t<div class=\"elementor-widget-container\">\n\t\t\t\t\t\t\t\t\t<p>Face \u00e0 cela, de nombreux professionnels cherchent \u00e0 simplifier leur gestion op\u00e9rationnelle sans renoncer \u00e0 la s\u00e9curit\u00e9.<\/p>\t\t\t\t\t\t\t\t<\/div>\n\t\t\t\t<\/div>\n\t\t\t\t\t<\/div>\n\t\t<\/div>\n\t\t\t\t\t<\/div>\n\t\t<\/section>\n\t\t\t\t<section class=\"elementor-section elementor-top-section elementor-element elementor-element-b80b68e elementor-section-boxed elementor-section-height-default elementor-section-height-default\" data-id=\"b80b68e\" data-element_type=\"section\">\n\t\t\t\t\t\t<div class=\"elementor-container elementor-column-gap-default\">\n\t\t\t\t\t<div class=\"elementor-column elementor-col-50 elementor-top-column elementor-element elementor-element-ca7637d\" data-id=\"ca7637d\" data-element_type=\"column\">\n\t\t\t<div class=\"elementor-widget-wrap elementor-element-populated\">\n\t\t\t\t\t\t<div class=\"elementor-element elementor-element-76999ee elementor-widget__width-initial elementor-widget elementor-widget-heading\" data-id=\"76999ee\" data-element_type=\"widget\" data-widget_type=\"heading.default\">\n\t\t\t\t<div class=\"elementor-widget-container\">\n\t\t\t\t\t<h4 class=\"elementor-heading-title elementor-size-default\">Des alternatives qui repensent la <br>relation h\u00f4te-locataire<\/h4>\t\t\t\t<\/div>\n\t\t\t\t<\/div>\n\t\t\t\t<div class=\"elementor-element elementor-element-a6c2843 elementor-widget-divider--view-line elementor-widget elementor-widget-divider\" data-id=\"a6c2843\" data-element_type=\"widget\" data-widget_type=\"divider.default\">\n\t\t\t\t<div class=\"elementor-widget-container\">\n\t\t\t\t\t\t\t<div class=\"elementor-divider\">\n\t\t\t<span class=\"elementor-divider-separator\">\n\t\t\t\t\t\t<\/span>\n\t\t<\/div>\n\t\t\t\t\t\t<\/div>\n\t\t\t\t<\/div>\n\t\t\t\t<div class=\"elementor-element elementor-element-f8ff645 elementor-widget__width-initial elementor-widget elementor-widget-text-editor\" data-id=\"f8ff645\" data-element_type=\"widget\" data-widget_type=\"text-editor.default\">\n\t\t\t\t<div class=\"elementor-widget-container\">\n\t\t\t\t\t\t\t\t\t<p>La demande croissante pour des solutions plus souples et moins conflictuelles a donn\u00e9 lieu \u00e0 l\u2019\u00e9mergence de nouveaux outils. Parmi eux : les assurances sp\u00e9cialis\u00e9es dans les risques locatifs saisonniers.<\/p><p>Contrairement \u00e0 la caution, ces dispositifs permettent de prendre en charge les frais cons\u00e9cutifs \u00e0 un sinistre (d\u00e9gradation, perte de revenus, nettoyage sp\u00e9cifique) sans faire peser la responsabilit\u00e9 sur le locataire ou le gestionnaire. <span style=\"font-size: 18px;letter-spacing: -0.38px\"><span style=\"font-size: 18px;letter-spacing: -0.38px;font-weight: 600\">\u00a0Un gain de temps, de clart\u00e9, et un levier de professionnalisation pour tout l\u2019\u00e9cosyst\u00e8me de la location courte dur\u00e9e.<\/span><\/span><\/p><p><!-- notionvc: 60b4f183-e21b-493d-abaa-8702b66c384a --><\/p>\t\t\t\t\t\t\t\t<\/div>\n\t\t\t\t<\/div>\n\t\t\t\t\t<\/div>\n\t\t<\/div>\n\t\t\t\t<div class=\"elementor-column elementor-col-50 elementor-top-column elementor-element elementor-element-fb0f5a5\" data-id=\"fb0f5a5\" data-element_type=\"column\">\n\t\t\t<div class=\"elementor-widget-wrap elementor-element-populated\">\n\t\t\t\t\t\t<div class=\"elementor-element elementor-element-ceccab3 elementor-widget elementor-widget-image\" data-id=\"ceccab3\" data-element_type=\"widget\" data-widget_type=\"image.default\">\n\t\t\t\t<div class=\"elementor-widget-container\">\n\t\t\t\t\t\t\t\t\t\t\t\t\t\t\t<img decoding=\"async\" width=\"760\" height=\"507\" src=\"https:\/\/meetch.io\/wp-content\/uploads\/2025\/07\/AdobeStock_1218038842-760x507.jpeg\" class=\"attachment-prostart-thumb-masonry-big size-prostart-thumb-masonry-big wp-image-3722\" alt=\"\" srcset=\"https:\/\/meetch.io\/wp-content\/uploads\/2025\/07\/AdobeStock_1218038842-760x507.jpeg 760w, https:\/\/meetch.io\/wp-content\/uploads\/2025\/07\/AdobeStock_1218038842-300x200.jpeg 300w, https:\/\/meetch.io\/wp-content\/uploads\/2025\/07\/AdobeStock_1218038842-1024x683.jpeg 1024w, https:\/\/meetch.io\/wp-content\/uploads\/2025\/07\/AdobeStock_1218038842-768x512.jpeg 768w, https:\/\/meetch.io\/wp-content\/uploads\/2025\/07\/AdobeStock_1218038842-1536x1024.jpeg 1536w, https:\/\/meetch.io\/wp-content\/uploads\/2025\/07\/AdobeStock_1218038842-2048x1365.jpeg 2048w, https:\/\/meetch.io\/wp-content\/uploads\/2025\/07\/AdobeStock_1218038842-18x12.jpeg 18w, https:\/\/meetch.io\/wp-content\/uploads\/2025\/07\/AdobeStock_1218038842-370x247.jpeg 370w\" sizes=\"(max-width: 760px) 100vw, 760px\" \/>\t\t\t\t\t\t\t\t\t\t\t\t\t\t\t<\/div>\n\t\t\t\t<\/div>\n\t\t\t\t\t<\/div>\n\t\t<\/div>\n\t\t\t\t\t<\/div>\n\t\t<\/section>\n\t\t\t\t<section class=\"elementor-section elementor-top-section elementor-element elementor-element-5cfebf9 elementor-section-boxed elementor-section-height-default elementor-section-height-default\" data-id=\"5cfebf9\" data-element_type=\"section\">\n\t\t\t\t\t\t<div class=\"elementor-container elementor-column-gap-default\">\n\t\t\t\t\t<div class=\"elementor-column elementor-col-100 elementor-top-column elementor-element elementor-element-979cc75\" data-id=\"979cc75\" data-element_type=\"column\">\n\t\t\t<div class=\"elementor-widget-wrap elementor-element-populated\">\n\t\t\t\t\t\t<div class=\"elementor-element elementor-element-cbc0d6c elementor-widget elementor-widget-text-editor\" data-id=\"cbc0d6c\" data-element_type=\"widget\" data-widget_type=\"text-editor.default\">\n\t\t\t\t<div class=\"elementor-widget-container\">\n\t\t\t\t\t\t\t\t\t<p>Certaines solutions, comme Meetch Cover, proposent m\u00eame une couverture allant jusqu\u2019\u00e0 50 000 \u20ac par an, ind\u00e9pendamment de la plateforme de r\u00e9servation utilis\u00e9e, avec une d\u00e9claration en ligne simplifi\u00e9e et un remboursement rapide.<\/p>\t\t\t\t\t\t\t\t<\/div>\n\t\t\t\t<\/div>\n\t\t\t\t\t<\/div>\n\t\t<\/div>\n\t\t\t\t\t<\/div>\n\t\t<\/section>\n\t\t\t\t<section class=\"elementor-section elementor-top-section elementor-element elementor-element-61ea6ee elementor-section-boxed elementor-section-height-default elementor-section-height-default\" data-id=\"61ea6ee\" data-element_type=\"section\">\n\t\t\t\t\t\t<div class=\"elementor-container elementor-column-gap-default\">\n\t\t\t\t\t<div class=\"elementor-column elementor-col-100 elementor-top-column elementor-element elementor-element-db3db49\" data-id=\"db3db49\" data-element_type=\"column\">\n\t\t\t<div class=\"elementor-widget-wrap elementor-element-populated\">\n\t\t\t\t\t\t<div class=\"elementor-element elementor-element-af015b2 elementor-widget elementor-widget-spacer\" data-id=\"af015b2\" data-element_type=\"widget\" data-widget_type=\"spacer.default\">\n\t\t\t\t<div class=\"elementor-widget-container\">\n\t\t\t\t\t\t\t<div class=\"elementor-spacer\">\n\t\t\t<div class=\"elementor-spacer-inner\"><\/div>\n\t\t<\/div>\n\t\t\t\t\t\t<\/div>\n\t\t\t\t<\/div>\n\t\t\t\t\t<\/div>\n\t\t<\/div>\n\t\t\t\t\t<\/div>\n\t\t<\/section>\n\t\t\t\t<section class=\"elementor-section elementor-top-section elementor-element elementor-element-fb13c2c elementor-section-boxed elementor-section-height-default elementor-section-height-default\" data-id=\"fb13c2c\" data-element_type=\"section\">\n\t\t\t\t\t\t<div class=\"elementor-container elementor-column-gap-default\">\n\t\t\t\t\t<div class=\"elementor-column elementor-col-100 elementor-top-column elementor-element elementor-element-8fca63a\" data-id=\"8fca63a\" data-element_type=\"column\">\n\t\t\t<div class=\"elementor-widget-wrap elementor-element-populated\">\n\t\t\t\t\t\t<div class=\"elementor-element elementor-element-3d0d2c9 elementor-widget elementor-widget-heading\" data-id=\"3d0d2c9\" data-element_type=\"widget\" data-widget_type=\"heading.default\">\n\t\t\t\t<div class=\"elementor-widget-container\">\n\t\t\t\t\t<h4 class=\"elementor-heading-title elementor-size-default\">Vers une pacification des pratiques<\/h4>\t\t\t\t<\/div>\n\t\t\t\t<\/div>\n\t\t\t\t<div class=\"elementor-element elementor-element-fb71199 elementor-widget-divider--view-line elementor-widget elementor-widget-divider\" data-id=\"fb71199\" data-element_type=\"widget\" data-widget_type=\"divider.default\">\n\t\t\t\t<div class=\"elementor-widget-container\">\n\t\t\t\t\t\t\t<div class=\"elementor-divider\">\n\t\t\t<span class=\"elementor-divider-separator\">\n\t\t\t\t\t\t<\/span>\n\t\t<\/div>\n\t\t\t\t\t\t<\/div>\n\t\t\t\t<\/div>\n\t\t\t\t<div class=\"elementor-element elementor-element-ca61354 elementor-widget elementor-widget-text-editor\" data-id=\"ca61354\" data-element_type=\"widget\" data-widget_type=\"text-editor.default\">\n\t\t\t\t<div class=\"elementor-widget-container\">\n\t\t\t\t\t\t\t\t\t<p>Loin de remettre en cause le principe de responsabilit\u00e9 des voyageurs, ces nouveaux mod\u00e8les invitent surtout \u00e0 repenser les r\u00f4les. <span style=\"font-size: 18px;letter-spacing: -0.38px\"><span style=\"font-size: 18px;letter-spacing: -0.38px;font-weight: 600\">Le professionnel devient facilitateur de s\u00e9jour, non plus arbitre de litige.\u00a0<\/span><\/span><\/p><p>Dans un secteur o\u00f9 la qualit\u00e9 de l\u2019exp\u00e9rience client est devenue un facteur de comp\u00e9titivit\u00e9, toute initiative qui favorise la s\u00e9r\u00e9nit\u00e9 op\u00e9rationnelle m\u00e9rite d\u2019\u00eatre consid\u00e9r\u00e9e. Et si l\u2019assurance devenait enfin un levier de confiance, plut\u00f4t qu\u2019un simple filet de s\u00e9curit\u00e9 ?<\/p><p><!-- notionvc: ec342996-cea4-40b9-8e87-8c1d27951c46 --><\/p>\t\t\t\t\t\t\t\t<\/div>\n\t\t\t\t<\/div>\n\t\t\t\t\t<\/div>\n\t\t<\/div>\n\t\t\t\t\t<\/div>\n\t\t<\/section>\n\t\t\t\t<section class=\"elementor-section elementor-top-section elementor-element elementor-element-4c0697c elementor-section-boxed elementor-section-height-default elementor-section-height-default\" data-id=\"4c0697c\" data-element_type=\"section\">\n\t\t\t\t\t\t<div class=\"elementor-container elementor-column-gap-default\">\n\t\t\t\t\t<div class=\"elementor-column elementor-col-100 elementor-top-column elementor-element elementor-element-9633596\" data-id=\"9633596\" data-element_type=\"column\">\n\t\t\t<div class=\"elementor-widget-wrap elementor-element-populated\">\n\t\t\t\t\t\t<div class=\"elementor-element elementor-element-b17182d elementor-widget elementor-widget-text-editor\" data-id=\"b17182d\" data-element_type=\"widget\" data-widget_type=\"text-editor.default\">\n\t\t\t\t<div class=\"elementor-widget-container\">\n\t\t\t\t\t\t\t\t\t<p><strong>\ud83d\udd17 D\u00e9couvrir <a href=\"https:\/\/meetchcover.com\/\">Meetch Cover<\/a><\/strong><\/p>\t\t\t\t\t\t\t\t<\/div>\n\t\t\t\t<\/div>\n\t\t\t\t\t<\/div>\n\t\t<\/div>\n\t\t\t\t\t<\/div>\n\t\t<\/section>\n\t\t\t\t<\/div>","protected":false},"excerpt":{"rendered":"<p>Face aux limites de la caution et des \u00e9tats des lieux, les pros de la location saisonni\u00e8re repensent leurs outils de gestion. Analyse des nouvelles pratiques et alternatives assurantielles.<\/p>","protected":false},"author":990003,"featured_media":3729,"comment_status":"closed","ping_status":"open","sticky":false,"template":"","format":"standard","meta":{"footnotes":""},"categories":[2],"tags":[],"class_list":["post-3713","post","type-post","status-publish","format-standard","has-post-thumbnail","hentry","category-news"],"yoast_head":"<!-- This site is optimized with the Yoast SEO plugin v23.0 - https:\/\/yoast.com\/wordpress\/plugins\/seo\/ -->\n<title>Caution, \u00e9tats des lieux... Ces pratiques qui fatiguent les pros de la location saisonni\u00e8re<\/title>\n<meta name=\"description\" content=\"Face aux limites de la caution et des \u00e9tats des lieux, les pros de la location saisonni\u00e8re repensent leurs outils de gestion. Analyse des nouvelles pratiques et alternatives assurantielles.\" \/>\n<meta name=\"robots\" content=\"index, follow, max-snippet:-1, max-image-preview:large, max-video-preview:-1\" \/>\n<link rel=\"canonical\" href=\"https:\/\/meetch.io\/en\/caution-etats-des-lieux-ces-pratiques-qui-fatiguent-les-pros-de-la-location-saisonniere\/\" \/>\n<meta property=\"og:locale\" content=\"en_US\" \/>\n<meta property=\"og:type\" content=\"article\" \/>\n<meta property=\"og:title\" content=\"Caution, \u00e9tats des lieux... Ces pratiques qui fatiguent les pros de la location saisonni\u00e8re\" \/>\n<meta property=\"og:description\" content=\"Face aux limites de la caution et des \u00e9tats des lieux, les pros de la location saisonni\u00e8re repensent leurs outils de gestion. Analyse des nouvelles pratiques et alternatives assurantielles.\" \/>\n<meta property=\"og:url\" content=\"https:\/\/meetch.io\/en\/caution-etats-des-lieux-ces-pratiques-qui-fatiguent-les-pros-de-la-location-saisonniere\/\" \/>\n<meta property=\"og:site_name\" content=\"Meetch\" \/>\n<meta property=\"article:published_time\" content=\"2025-07-17T07:00:00+00:00\" \/>\n<meta property=\"article:modified_time\" content=\"2025-07-16T13:27:22+00:00\" \/>\n<meta property=\"og:image\" content=\"https:\/\/meetch.io\/wp-content\/uploads\/2025\/07\/AdobeStock_1559265713-scaled.jpeg\" \/>\n\t<meta property=\"og:image:width\" content=\"2560\" \/>\n\t<meta property=\"og:image:height\" content=\"1707\" \/>\n\t<meta property=\"og:image:type\" content=\"image\/jpeg\" \/>\n<meta name=\"author\" content=\"Marie Manokoune\" \/>\n<meta name=\"twitter:card\" content=\"summary_large_image\" \/>\n<meta name=\"twitter:label1\" content=\"Written by\" \/>\n\t<meta name=\"twitter:data1\" content=\"Marie Manokoune\" \/>\n\t<meta name=\"twitter:label2\" content=\"Est. reading time\" \/>\n\t<meta name=\"twitter:data2\" content=\"4 minutes\" \/>\n<script type=\"application\/ld+json\" class=\"yoast-schema-graph\">{\"@context\":\"https:\/\/schema.org\",\"@graph\":[{\"@type\":\"Article\",\"@id\":\"https:\/\/meetch.io\/caution-etats-des-lieux-ces-pratiques-qui-fatiguent-les-pros-de-la-location-saisonniere\/#article\",\"isPartOf\":{\"@id\":\"https:\/\/meetch.io\/caution-etats-des-lieux-ces-pratiques-qui-fatiguent-les-pros-de-la-location-saisonniere\/\"},\"author\":{\"name\":\"Marie Manokoune\",\"@id\":\"https:\/\/meetch.io\/#\/schema\/person\/ab725124d01927fa64143dcce5381fb5\"},\"headline\":\"Caution, \u00e9tats des lieux&#8230; Ces pratiques qui fatiguent les pros de la location saisonni\u00e8re\",\"datePublished\":\"2025-07-17T07:00:00+00:00\",\"dateModified\":\"2025-07-16T13:27:22+00:00\",\"mainEntityOfPage\":{\"@id\":\"https:\/\/meetch.io\/caution-etats-des-lieux-ces-pratiques-qui-fatiguent-les-pros-de-la-location-saisonniere\/\"},\"wordCount\":588,\"publisher\":{\"@id\":\"https:\/\/meetch.io\/#organization\"},\"image\":{\"@id\":\"https:\/\/meetch.io\/caution-etats-des-lieux-ces-pratiques-qui-fatiguent-les-pros-de-la-location-saisonniere\/#primaryimage\"},\"thumbnailUrl\":\"https:\/\/meetch.io\/wp-content\/uploads\/2025\/07\/AdobeStock_1559265713-scaled.jpeg\",\"articleSection\":[\"Breaking news\"],\"inLanguage\":\"en-US\"},{\"@type\":\"WebPage\",\"@id\":\"https:\/\/meetch.io\/caution-etats-des-lieux-ces-pratiques-qui-fatiguent-les-pros-de-la-location-saisonniere\/\",\"url\":\"https:\/\/meetch.io\/caution-etats-des-lieux-ces-pratiques-qui-fatiguent-les-pros-de-la-location-saisonniere\/\",\"name\":\"Caution, \u00e9tats des lieux... Ces pratiques qui fatiguent les pros de la location saisonni\u00e8re\",\"isPartOf\":{\"@id\":\"https:\/\/meetch.io\/#website\"},\"primaryImageOfPage\":{\"@id\":\"https:\/\/meetch.io\/caution-etats-des-lieux-ces-pratiques-qui-fatiguent-les-pros-de-la-location-saisonniere\/#primaryimage\"},\"image\":{\"@id\":\"https:\/\/meetch.io\/caution-etats-des-lieux-ces-pratiques-qui-fatiguent-les-pros-de-la-location-saisonniere\/#primaryimage\"},\"thumbnailUrl\":\"https:\/\/meetch.io\/wp-content\/uploads\/2025\/07\/AdobeStock_1559265713-scaled.jpeg\",\"datePublished\":\"2025-07-17T07:00:00+00:00\",\"dateModified\":\"2025-07-16T13:27:22+00:00\",\"description\":\"Face aux limites de la caution et des \u00e9tats des lieux, les pros de la location saisonni\u00e8re repensent leurs outils de gestion. Analyse des nouvelles pratiques et alternatives assurantielles.\",\"breadcrumb\":{\"@id\":\"https:\/\/meetch.io\/caution-etats-des-lieux-ces-pratiques-qui-fatiguent-les-pros-de-la-location-saisonniere\/#breadcrumb\"},\"inLanguage\":\"en-US\",\"potentialAction\":[{\"@type\":\"ReadAction\",\"target\":[\"https:\/\/meetch.io\/caution-etats-des-lieux-ces-pratiques-qui-fatiguent-les-pros-de-la-location-saisonniere\/\"]}]},{\"@type\":\"ImageObject\",\"inLanguage\":\"en-US\",\"@id\":\"https:\/\/meetch.io\/caution-etats-des-lieux-ces-pratiques-qui-fatiguent-les-pros-de-la-location-saisonniere\/#primaryimage\",\"url\":\"https:\/\/meetch.io\/wp-content\/uploads\/2025\/07\/AdobeStock_1559265713-scaled.jpeg\",\"contentUrl\":\"https:\/\/meetch.io\/wp-content\/uploads\/2025\/07\/AdobeStock_1559265713-scaled.jpeg\",\"width\":2560,\"height\":1707,\"caption\":\"The image depicts a miniature beach house and umbrella on the shore, with a blurred blue sea and sky in the background, conveying the idea of a family vacation home, related to real estate, sales, or\"},{\"@type\":\"BreadcrumbList\",\"@id\":\"https:\/\/meetch.io\/caution-etats-des-lieux-ces-pratiques-qui-fatiguent-les-pros-de-la-location-saisonniere\/#breadcrumb\",\"itemListElement\":[{\"@type\":\"ListItem\",\"position\":1,\"name\":\"Accueil\",\"item\":\"https:\/\/meetch.io\/\"},{\"@type\":\"ListItem\",\"position\":2,\"name\":\"Caution, \u00e9tats des lieux&#8230; Ces pratiques qui fatiguent les pros de la location saisonni\u00e8re\"}]},{\"@type\":\"WebSite\",\"@id\":\"https:\/\/meetch.io\/#website\",\"url\":\"https:\/\/meetch.io\/\",\"name\":\"Meetch\",\"description\":\"Votre partenaire annulation\",\"publisher\":{\"@id\":\"https:\/\/meetch.io\/#organization\"},\"potentialAction\":[{\"@type\":\"SearchAction\",\"target\":{\"@type\":\"EntryPoint\",\"urlTemplate\":\"https:\/\/meetch.io\/?s={search_term_string}\"},\"query-input\":\"required name=search_term_string\"}],\"inLanguage\":\"en-US\"},{\"@type\":\"Organization\",\"@id\":\"https:\/\/meetch.io\/#organization\",\"name\":\"Meetch\",\"url\":\"https:\/\/meetch.io\/\",\"logo\":{\"@type\":\"ImageObject\",\"inLanguage\":\"en-US\",\"@id\":\"https:\/\/meetch.io\/#\/schema\/logo\/image\/\",\"url\":\"https:\/\/meetch.io\/wp-content\/uploads\/2022\/07\/cropped-meetch_horizontal_blanc-1.png\",\"contentUrl\":\"https:\/\/meetch.io\/wp-content\/uploads\/2022\/07\/cropped-meetch_horizontal_blanc-1.png\",\"width\":1200,\"height\":288,\"caption\":\"Meetch\"},\"image\":{\"@id\":\"https:\/\/meetch.io\/#\/schema\/logo\/image\/\"}},{\"@type\":\"Person\",\"@id\":\"https:\/\/meetch.io\/#\/schema\/person\/ab725124d01927fa64143dcce5381fb5\",\"name\":\"Marie Manokoune\",\"image\":{\"@type\":\"ImageObject\",\"inLanguage\":\"en-US\",\"@id\":\"https:\/\/meetch.io\/#\/schema\/person\/image\/\",\"url\":\"https:\/\/secure.gravatar.com\/avatar\/dc5732a011fc40b1533fa0c4fb310156d6b19304f42e76a76b5085a861fa387c?s=96&d=mm&r=g\",\"contentUrl\":\"https:\/\/secure.gravatar.com\/avatar\/dc5732a011fc40b1533fa0c4fb310156d6b19304f42e76a76b5085a861fa387c?s=96&d=mm&r=g\",\"caption\":\"Marie Manokoune\"},\"url\":\"https:\/\/meetch.io\/en\/author\/marie\/\"}]}<\/script>\n<!-- \/ Yoast SEO plugin. -->","yoast_head_json":{"title":"Caution, \u00e9tats des lieux... Ces pratiques qui fatiguent les pros de la location saisonni\u00e8re","description":"Face aux limites de la caution et des \u00e9tats des lieux, les pros de la location saisonni\u00e8re repensent leurs outils de gestion. Analyse des nouvelles pratiques et alternatives assurantielles.","robots":{"index":"index","follow":"follow","max-snippet":"max-snippet:-1","max-image-preview":"max-image-preview:large","max-video-preview":"max-video-preview:-1"},"canonical":"https:\/\/meetch.io\/en\/caution-etats-des-lieux-ces-pratiques-qui-fatiguent-les-pros-de-la-location-saisonniere\/","og_locale":"en_US","og_type":"article","og_title":"Caution, \u00e9tats des lieux... Ces pratiques qui fatiguent les pros de la location saisonni\u00e8re","og_description":"Face aux limites de la caution et des \u00e9tats des lieux, les pros de la location saisonni\u00e8re repensent leurs outils de gestion. Analyse des nouvelles pratiques et alternatives assurantielles.","og_url":"https:\/\/meetch.io\/en\/caution-etats-des-lieux-ces-pratiques-qui-fatiguent-les-pros-de-la-location-saisonniere\/","og_site_name":"Meetch","article_published_time":"2025-07-17T07:00:00+00:00","article_modified_time":"2025-07-16T13:27:22+00:00","og_image":[{"width":2560,"height":1707,"url":"https:\/\/meetch.io\/wp-content\/uploads\/2025\/07\/AdobeStock_1559265713-scaled.jpeg","type":"image\/jpeg"}],"author":"Marie Manokoune","twitter_card":"summary_large_image","twitter_misc":{"Written by":"Marie Manokoune","Est. reading time":"4 minutes"},"schema":{"@context":"https:\/\/schema.org","@graph":[{"@type":"Article","@id":"https:\/\/meetch.io\/caution-etats-des-lieux-ces-pratiques-qui-fatiguent-les-pros-de-la-location-saisonniere\/#article","isPartOf":{"@id":"https:\/\/meetch.io\/caution-etats-des-lieux-ces-pratiques-qui-fatiguent-les-pros-de-la-location-saisonniere\/"},"author":{"name":"Marie Manokoune","@id":"https:\/\/meetch.io\/#\/schema\/person\/ab725124d01927fa64143dcce5381fb5"},"headline":"Caution, \u00e9tats des lieux&#8230; Ces pratiques qui fatiguent les pros de la location saisonni\u00e8re","datePublished":"2025-07-17T07:00:00+00:00","dateModified":"2025-07-16T13:27:22+00:00","mainEntityOfPage":{"@id":"https:\/\/meetch.io\/caution-etats-des-lieux-ces-pratiques-qui-fatiguent-les-pros-de-la-location-saisonniere\/"},"wordCount":588,"publisher":{"@id":"https:\/\/meetch.io\/#organization"},"image":{"@id":"https:\/\/meetch.io\/caution-etats-des-lieux-ces-pratiques-qui-fatiguent-les-pros-de-la-location-saisonniere\/#primaryimage"},"thumbnailUrl":"https:\/\/meetch.io\/wp-content\/uploads\/2025\/07\/AdobeStock_1559265713-scaled.jpeg","articleSection":["Breaking news"],"inLanguage":"en-US"},{"@type":"WebPage","@id":"https:\/\/meetch.io\/caution-etats-des-lieux-ces-pratiques-qui-fatiguent-les-pros-de-la-location-saisonniere\/","url":"https:\/\/meetch.io\/caution-etats-des-lieux-ces-pratiques-qui-fatiguent-les-pros-de-la-location-saisonniere\/","name":"Caution, \u00e9tats des lieux... Ces pratiques qui fatiguent les pros de la location saisonni\u00e8re","isPartOf":{"@id":"https:\/\/meetch.io\/#website"},"primaryImageOfPage":{"@id":"https:\/\/meetch.io\/caution-etats-des-lieux-ces-pratiques-qui-fatiguent-les-pros-de-la-location-saisonniere\/#primaryimage"},"image":{"@id":"https:\/\/meetch.io\/caution-etats-des-lieux-ces-pratiques-qui-fatiguent-les-pros-de-la-location-saisonniere\/#primaryimage"},"thumbnailUrl":"https:\/\/meetch.io\/wp-content\/uploads\/2025\/07\/AdobeStock_1559265713-scaled.jpeg","datePublished":"2025-07-17T07:00:00+00:00","dateModified":"2025-07-16T13:27:22+00:00","description":"Face aux limites de la caution et des \u00e9tats des lieux, les pros de la location saisonni\u00e8re repensent leurs outils de gestion. Analyse des nouvelles pratiques et alternatives assurantielles.","breadcrumb":{"@id":"https:\/\/meetch.io\/caution-etats-des-lieux-ces-pratiques-qui-fatiguent-les-pros-de-la-location-saisonniere\/#breadcrumb"},"inLanguage":"en-US","potentialAction":[{"@type":"ReadAction","target":["https:\/\/meetch.io\/caution-etats-des-lieux-ces-pratiques-qui-fatiguent-les-pros-de-la-location-saisonniere\/"]}]},{"@type":"ImageObject","inLanguage":"en-US","@id":"https:\/\/meetch.io\/caution-etats-des-lieux-ces-pratiques-qui-fatiguent-les-pros-de-la-location-saisonniere\/#primaryimage","url":"https:\/\/meetch.io\/wp-content\/uploads\/2025\/07\/AdobeStock_1559265713-scaled.jpeg","contentUrl":"https:\/\/meetch.io\/wp-content\/uploads\/2025\/07\/AdobeStock_1559265713-scaled.jpeg","width":2560,"height":1707,"caption":"The image depicts a miniature beach house and umbrella on the shore, with a blurred blue sea and sky in the background, conveying the idea of a family vacation home, related to real estate, sales, or"},{"@type":"BreadcrumbList","@id":"https:\/\/meetch.io\/caution-etats-des-lieux-ces-pratiques-qui-fatiguent-les-pros-de-la-location-saisonniere\/#breadcrumb","itemListElement":[{"@type":"ListItem","position":1,"name":"Accueil","item":"https:\/\/meetch.io\/"},{"@type":"ListItem","position":2,"name":"Caution, \u00e9tats des lieux&#8230; Ces pratiques qui fatiguent les pros de la location saisonni\u00e8re"}]},{"@type":"WebSite","@id":"https:\/\/meetch.io\/#website","url":"https:\/\/meetch.io\/","name":"Meetch","description":"Votre partenaire annulation","publisher":{"@id":"https:\/\/meetch.io\/#organization"},"potentialAction":[{"@type":"SearchAction","target":{"@type":"EntryPoint","urlTemplate":"https:\/\/meetch.io\/?s={search_term_string}"},"query-input":"required name=search_term_string"}],"inLanguage":"en-US"},{"@type":"Organization","@id":"https:\/\/meetch.io\/#organization","name":"Meetch","url":"https:\/\/meetch.io\/","logo":{"@type":"ImageObject","inLanguage":"en-US","@id":"https:\/\/meetch.io\/#\/schema\/logo\/image\/","url":"https:\/\/meetch.io\/wp-content\/uploads\/2022\/07\/cropped-meetch_horizontal_blanc-1.png","contentUrl":"https:\/\/meetch.io\/wp-content\/uploads\/2022\/07\/cropped-meetch_horizontal_blanc-1.png","width":1200,"height":288,"caption":"Meetch"},"image":{"@id":"https:\/\/meetch.io\/#\/schema\/logo\/image\/"}},{"@type":"Person","@id":"https:\/\/meetch.io\/#\/schema\/person\/ab725124d01927fa64143dcce5381fb5","name":"Marie Manokoune","image":{"@type":"ImageObject","inLanguage":"en-US","@id":"https:\/\/meetch.io\/#\/schema\/person\/image\/","url":"https:\/\/secure.gravatar.com\/avatar\/dc5732a011fc40b1533fa0c4fb310156d6b19304f42e76a76b5085a861fa387c?s=96&d=mm&r=g","contentUrl":"https:\/\/secure.gravatar.com\/avatar\/dc5732a011fc40b1533fa0c4fb310156d6b19304f42e76a76b5085a861fa387c?s=96&d=mm&r=g","caption":"Marie Manokoune"},"url":"https:\/\/meetch.io\/en\/author\/marie\/"}]}},"_links":{"self":[{"href":"https:\/\/meetch.io\/en\/wp-json\/wp\/v2\/posts\/3713","targetHints":{"allow":["GET"]}}],"collection":[{"href":"https:\/\/meetch.io\/en\/wp-json\/wp\/v2\/posts"}],"about":[{"href":"https:\/\/meetch.io\/en\/wp-json\/wp\/v2\/types\/post"}],"author":[{"embeddable":true,"href":"https:\/\/meetch.io\/en\/wp-json\/wp\/v2\/users\/990003"}],"replies":[{"embeddable":true,"href":"https:\/\/meetch.io\/en\/wp-json\/wp\/v2\/comments?post=3713"}],"version-history":[{"count":14,"href":"https:\/\/meetch.io\/en\/wp-json\/wp\/v2\/posts\/3713\/revisions"}],"predecessor-version":[{"id":3735,"href":"https:\/\/meetch.io\/en\/wp-json\/wp\/v2\/posts\/3713\/revisions\/3735"}],"wp:featuredmedia":[{"embeddable":true,"href":"https:\/\/meetch.io\/en\/wp-json\/wp\/v2\/media\/3729"}],"wp:attachment":[{"href":"https:\/\/meetch.io\/en\/wp-json\/wp\/v2\/media?parent=3713"}],"wp:term":[{"taxonomy":"category","embeddable":true,"href":"https:\/\/meetch.io\/en\/wp-json\/wp\/v2\/categories?post=3713"},{"taxonomy":"post_tag","embeddable":true,"href":"https:\/\/meetch.io\/en\/wp-json\/wp\/v2\/tags?post=3713"}],"curies":[{"name":"wp","href":"https:\/\/api.w.org\/{rel}","templated":true}]}}